[{"id":296500,"type":"post","title":"“The Devil Wears Prada 2” 30 Prill premier\u00eb n\u00eb t\u00eb gjitha kinemat\u00eb Cineplexx","desc":"Vazhdimi i shum\u00ebpritur i filmit “Djalli vishet me Prada”. Nj\u00ebzet vjet pas roleve t\u00eb tyre ikonike si Miranda, Endi, Emili dhe Naixhel, Meryl Streep, Anne Hathaway, Emily Blunt dhe Stanley Tucci rikthehen n\u00eb rrug\u00ebt e mod\u00ebs n\u00eb Nju Jork dhe n\u00eb zyrat elegante t\u00eb revist\u00ebs Runway n\u00eb \u201cDjalli vishet me Prada 2\u201d, vazhdimi i shum\u00ebpritur […]","date":"30 April, 2026","hasThumb":true,"link":"https:\/\/timeouttirana.al\/2026\/04\/30\/the-devil-wears-prada-2-30-prill-premiere-ne-te-gjitha-kinemate-cineplexx\/","design":"small","past":false,"thumb":"\"\"","image":"\"\"","thumbURL":"https:\/\/timeouttirana.al\/wp-content\/uploads\/2026\/04\/DWP2-LowRes-717x1024-1-300x169.jpg","imageURL":"https:\/\/timeouttirana.al\/wp-content\/uploads\/2026\/04\/DWP2-LowRes-717x1024-1.jpg","category":"Kinema","author":""},{"id":296519,"type":"post","title":"Koncert nga Elina Duni \u201cReaching for the Moon\u201d","desc":"Duke u rikthyer n\u00eb Tiran\u00eb p\u00ebr edicionin e tret\u00eb m\u00eb 12-13 maj, Efemere e riform\u00ebson Teatrin e Kukullave n\u00eb nj\u00eb p\u00ebrvoj\u00eb t\u00eb but\u00eb dhe intime xhazi me Elina Duni @elinaduni, s\u00eb bashku me Rob Luft (kitar\u00eb) @roblubtjazz dhe Matthieu Michel (flugelhorn). Shfaqje p\u00ebr 2 net\u00eb, 12-13 majTeatri i Kukullave Orari i Shfaqjeve:19:00 \u2013 20:0021:00 \u2013 […]","date":"1 May, 2026","hasThumb":true,"link":"https:\/\/timeouttirana.al\/2026\/05\/01\/koncert-nga-elina-duni-reaching-for-the-moon\/","design":"small","past":false,"thumb":"\"\"","image":"\"\"","thumbURL":"https:\/\/timeouttirana.al\/wp-content\/uploads\/2026\/05\/670905851_17903817087411207_4206323058046960972_n-600x750-1-300x169.webp","imageURL":"https:\/\/timeouttirana.al\/wp-content\/uploads\/2026\/05\/670905851_17903817087411207_4206323058046960972_n-600x750-1.webp","category":"Koncert","author":""},{"id":296504,"type":"post","title":"Teatri p\u00ebr f\u00ebmij\u00eb \u201cShfaqja e Cirkut\u201d","desc":"Rikthehet k\u00ebt\u00eb fundjav\u00eb shfaqja me kukulla m\u00eb gazmore e vitit: SHFAQJA E CIRKUT \u2013 PREMIER\u00cb ABSOLUTE Nj\u00eb eksperienc\u00eb unike teatrale p\u00ebr t\u00eb vegjlit dhe jo vet\u00ebm, nj\u00eb krijim i ve\u00e7ant\u00eb nga Klajd Ymeri, q\u00eb sjell p\u00ebr her\u00eb t\u00eb par\u00eb nj\u00eb shfaqje me kukulla pa fjal\u00eb n\u00eb sken\u00ebn shqiptare. Nj\u00eb udh\u00ebtim magjik plot ngjyra, emocione dhe […]","date":"1 May, 2026","hasThumb":true,"link":"https:\/\/timeouttirana.al\/2026\/05\/01\/teatri-per-femije-shfaqja-e-cirkut\/","design":"small","past":false,"thumb":"\"\"","image":"\"\"","thumbURL":"https:\/\/timeouttirana.al\/wp-content\/uploads\/2026\/05\/673148133_18095373410124948_6466625087312953822_n-1-500x500-1-300x169.webp","imageURL":"https:\/\/timeouttirana.al\/wp-content\/uploads\/2026\/05\/673148133_18095373410124948_6466625087312953822_n-1-500x500-1.webp","category":"Teat\u00ebr","author":""},{"id":296513,"type":"post","title":"\u201cLe Alli della Musica\u201d","desc":"Jam shum\u00eb e lumtur t\u2019ju ftoj n\u00eb nj\u00eb mbr\u00ebmje t\u00eb ve\u00e7ant\u00eb klasike, n\u00eb kuad\u00ebr t\u00eb Dit\u00ebs s\u00eb Europ\u00ebs, m\u00eb 9 Maj, n\u00eb Universitetin e Arteve \ud83e\udd0d S\u00eb bashku me @eno.peci dhe @joniosterlund do t\u00eb sjellim premier\u00ebn e baletit \u201cPas Deux Plus\u201d, nj\u00eb krijim i Enos, me muzik\u00eb nga Schubert. Gjithashtu, me @deangelisgiuliano dhe @lindaviolin1 do t\u00eb performojm\u00eb vepra nga Piazzolla dhe Rachmaninoff. Ju […]","date":"1 May, 2026","hasThumb":true,"link":"https:\/\/timeouttirana.al\/2026\/05\/01\/le-alli-della-musica\/","design":"small","past":false,"thumb":"\"\"","image":"\"\"","thumbURL":"https:\/\/timeouttirana.al\/wp-content\/uploads\/2026\/05\/674549222_18578425546049486_786403554121006197_n-600x800-1-300x169.webp","imageURL":"https:\/\/timeouttirana.al\/wp-content\/uploads\/2026\/05\/674549222_18578425546049486_786403554121006197_n-600x800-1.webp","category":"Koncert","author":""},{"id":296508,"type":"post","title":"\u201cCarmen\u201d me Ambeta Toromanin te TKOB","desc":"Baleti CARMEN \u2013 Premier\u00eb n\u00eb TKOBAP Pasion, dram\u00eb dhe sensualitet n\u00eb nj\u00eb nga historit\u00eb m\u00eb t\u00eb fuqishme t\u00eb sken\u00ebs bot\u00ebrore vijn\u00eb n\u00eb baletin Carmen. Me muzik\u00ebn e pavdekshme t\u00eb Georges Bizet dhe koreografin\u00eb e Amedeo Amodio, ky produksion i ri sjell nj\u00eb interpretim intensiv t\u00eb nj\u00eb dashurie q\u00eb digjet mes liris\u00eb dhe fatit. N\u00ebn dirigjimin […]","date":"1 May, 2026","hasThumb":true,"link":"https:\/\/timeouttirana.al\/2026\/05\/01\/carmen-me-ambeta-toromanin-te-tkob\/","design":"small","past":false,"thumb":"\"\"","image":"\"\"","thumbURL":"https:\/\/timeouttirana.al\/wp-content\/uploads\/2026\/05\/670882699_18410779753178213_2771089396344591644_n-600x750-1-300x169.webp","imageURL":"https:\/\/timeouttirana.al\/wp-content\/uploads\/2026\/05\/670882699_18410779753178213_2771089396344591644_n-600x750-1.webp","category":"Balet","author":""}]