[{"id":296813,"type":"post","title":"Harry Potter and the Philosopher’s Stone – 25th Anniversary","desc":"Ri-publikimi i 25-vjetorit: Harry Potter dhe Guri Filozofal! Kthehuni n\u00eb bot\u00ebn magjike q\u00eb magjepsi breza t\u00eb t\u00ebr\u00eb. P\u00ebr t\u00eb festuar 25-vjetorin e filmit, kinemat\u00eb do t\u00eb presin nj\u00eb ri-publikim special nj\u00ebjavor t\u00eb filmit legjendar Harry Potter dhe Gurit Filozofal. P\u00ebrjetoni edhe nj\u00eb her\u00eb fillimin e aventur\u00ebs s\u00eb paharrueshme magjike, zbuloni Hogwarts dhe rijetoni historin\u00eb q\u00eb […]","date":"1 September, 2026","hasThumb":true,"link":"https:\/\/timeouttirana.al\/2026\/09\/01\/harry-potter-and-the-philosophers-stone-25th-anniversary\/","design":"small","past":false,"thumb":"\"\"","image":"\"\"","thumbURL":"https:\/\/timeouttirana.al\/wp-content\/uploads\/2026\/09\/Harry-Potter-25th-A3-Poster-SIMPLE-300x169.webp","imageURL":"https:\/\/timeouttirana.al\/wp-content\/uploads\/2026\/09\/Harry-Potter-25th-A3-Poster-SIMPLE.webp","category":"Kinema","author":""},{"id":296809,"type":"post","title":"Sintrak Festival Tiran\u00eb","desc":"Edicioni i pare i SINTRAK po afrohet. Shtatori vjen frym\u00ebzues n\u00eb kuzhin\u00ebn e Zgjoit. Nj\u00eb ngjarje kulturore po gatitet! Tri dit\u00eb.Poezi. Koreografi. P\u00ebrkthim.Energji. Tension. Transformim. Ruani datat! Zini vendet\ud83d\uddd3\ufe0f17 \u2022 18 \u2022 19 shtator\ud83d\udccdTeatri i Kukullave","date":"1 September, 2026","hasThumb":true,"link":"https:\/\/timeouttirana.al\/2026\/09\/01\/sintrak-festival-tirane\/","design":"small","past":false,"thumb":"\"\"","image":"\"\"","thumbURL":"https:\/\/timeouttirana.al\/wp-content\/uploads\/2026\/09\/Sintrak-Festival-Tirane-600x750-1-300x169.webp","imageURL":"https:\/\/timeouttirana.al\/wp-content\/uploads\/2026\/09\/Sintrak-Festival-Tirane-600x750-1.webp","category":"Takim","author":""},{"id":296803,"type":"post","title":"Festivali i filmit p\u00ebr t\u00eb drejtat e njeriut \u2013 IHRFFA","desc":"Edicioni i 21-t\u00eb vjen s\u00eb shpejti me shfaqje filmash dhe debate n\u00eb Tiran\u00eb nga 14 deri m\u00eb 19 shtator 2026. Hyrje falas p\u00ebr t\u00eb gjith\u00eb filmat, me titra n\u00eb anglisht dhe shqip. Ejani t\u00eb takoni regjisor\u00eb t\u00eb mrekulluesh\u00ebm dhe aktivist\u00eb t\u00eb t\u00eb drejtave t\u00eb njeriut!Programi i plot\u00eb do t\u00eb dal\u00eb s\u00eb shpejti Data 14\/09\/2026 Location […]","date":"1 September, 2026","hasThumb":true,"link":"https:\/\/timeouttirana.al\/2026\/09\/01\/festivali-i-filmit-per-te-drejtat-e-njeriut-ihrffa\/","design":"small","past":false,"thumb":"\"\"","image":"\"\"","thumbURL":"https:\/\/timeouttirana.al\/wp-content\/uploads\/2026\/09\/IHRFFA-600x750-1-300x169.webp","imageURL":"https:\/\/timeouttirana.al\/wp-content\/uploads\/2026\/09\/IHRFFA-600x750-1.webp","category":"film","author":""},{"id":296796,"type":"post","title":"Festivali Komb\u00ebtar i Filmit Shqiptar","desc":"Disa histori nuk mbarojn\u00eb kurr\u00eb. Ato jetojn\u00eb n\u00eb ekran, n\u00eb kujtes\u00eb dhe n\u00eb kultur\u00ebn ton\u00eb. Me krenari rikthehet Festivali Komb\u00ebtar i Filmit Shqiptar, n\u00eb edicionin e tij t\u00eb 14-t\u00eb, ngjarja q\u00eb prej vitesh bashkon krijuesit, artist\u00ebt dhe publikun n\u00eb fest\u00ebn m\u00eb t\u00eb madhe t\u00eb kinemas\u00eb shqiptare. P\u00ebr dhjet\u00eb dit\u00eb, ekrani do t\u00eb b\u00ebhet s\u00ebrish vendi […]","date":"1 September, 2026","hasThumb":true,"link":"https:\/\/timeouttirana.al\/2026\/09\/01\/festivali-kombetar-i-filmit-shqiptar\/","design":"small","past":false,"thumb":"\"\"","image":"\"\"","thumbURL":"https:\/\/timeouttirana.al\/wp-content\/uploads\/2026\/09\/Fest-Film-Shqip-600x751-1-300x169.webp","imageURL":"https:\/\/timeouttirana.al\/wp-content\/uploads\/2026\/09\/Fest-Film-Shqip-600x751-1.webp","category":"Festival","author":""},{"id":296800,"type":"post","title":"\u201cIluzioni i cirkut\u201d","desc":"SHTATORI NA SJELL P\u00cbRS\u00cbRI TEK JU Mbaruan dit\u00ebt e gjata t\u00eb ver\u00ebs\u2026Deti, dielli, plazhi, vizitat te gjysh\u00ebrit, loj\u00ebrat pa orar dhe ajo liri e bukur q\u00eb vet\u00ebm pushimet din\u00eb t\u2019ua falin f\u00ebmij\u00ebve. Tani, shtatori troket n\u00eb der\u00eb dhe bashk\u00eb me t\u00eb rikthehet ritmi i p\u00ebrditsh\u00ebm: shkolla, aktivitetet artistike, \u00ebndrrat dhe skena. Edhe ne, n\u00eb Cirkun […]","date":"1 September, 2026","hasThumb":true,"link":"https:\/\/timeouttirana.al\/2026\/09\/01\/iluzioni-i-cirkut\/","design":"small","past":false,"thumb":"\"\"","image":"\"\"","thumbURL":"https:\/\/timeouttirana.al\/wp-content\/uploads\/2026\/09\/\u2728-SHTATORI-NA-SJELL-PERSERI-TEK-JU-\ud83c\udfaaMbaruan-ditet-e-gjata-te-veres\u2026Deti-dielli-plazhi-vizit-1-500x500-1-300x169.webp","imageURL":"https:\/\/timeouttirana.al\/wp-content\/uploads\/2026\/09\/\u2728-SHTATORI-NA-SJELL-PERSERI-TEK-JU-\ud83c\udfaaMbaruan-ditet-e-gjata-te-veres\u2026Deti-dielli-plazhi-vizit-1-500x500-1.webp","category":"Cirk","author":""}]